{"id":3266,"__str__":"Requerimento n\u00ba 87 de 2025","link_detail_backend":"/materia/3266","metadata":{"signs":{"texto_original":{"admin":[],"autores":[["Agnielde Benici Adorno",["2025-03-07T10:00:58-04:00","ICP-Brasil - Certificado PF A1"]],["Alessandra Varelo de Brito",["2025-03-07T09:54:04-04:00","ICP-Brasil - Certificado PF A1"]],["Eber Lopes Reis",["2025-03-07T11:06:00-04:00","ICP-Brasil - Certificado PF A1"]],["Elias Andrade de Lima",["2025-03-07T10:12:30-04:00","ICP-Brasil - Certificado PF A1"]],["Geferson dos Santos",["2025-03-07T09:50:08-04:00","ICP-Brasil - Certificado PF A1"]],["Jorge Antonio Honorato de Souza",["2025-03-07T10:35:17-04:00","ICP-Brasil - Certificado PF A1"]],["Marcio Domingos dos Santos",["2025-03-07T09:45:43-04:00","ICP-Brasil - Certificado PF A1"]],["Marcio Souza Magalhaes",["2025-03-07T11:14:27-04:00","ICP-Brasil - Certificado PF A1"]],["Ozias Alves dos Santos",["2025-03-07T10:54:07-04:00","ICP-Brasil - Certificado PF A1"]]]}}},"numero":87,"ano":2025,"numero_protocolo":67,"data_apresentacao":"2025-02-28","tipo_apresentacao":"E","data_publicacao":null,"numero_origem_externa":"","ano_origem_externa":null,"data_origem_externa":null,"apelido":"","dias_prazo":null,"data_fim_prazo":null,"em_tramitacao":false,"polemica":false,"objeto":"","complementar":false,"ementa":"Requer: Reparo nas Rampas de Acessibilidade da Escola Municipal Senador Ronaldo Arag\u00e3o.","indexacao":"","observacao":"Justifico: por meio deste, solicitar a Vossa Excel\u00eancia a realiza\u00e7\u00e3o de reparos nas rampas de acessibilidade do piso da Escola Municipal Senador Ronaldo Arag\u00e3o. As referidas rampas encontram-se em condi\u00e7\u00f5es inadequadas, dificultando a mobilidade dos alunos, professores e demais usu\u00e1rios da institui\u00e7\u00e3o, especialmente aqueles com defici\u00eancia ou mobilidade reduzida.\r\nDiante da import\u00e2ncia da acessibilidade para garantir a inclus\u00e3o e seguran\u00e7a de todos, pedimos a aten\u00e7\u00e3o especial para essa demanda e, se poss\u00edvel, a realiza\u00e7\u00e3o dos reparos com urg\u00eancia.","resultado":"","texto_original":"http://sapl.saofranciscodoguapore.ro.leg.br/media/sapl/public/materialegislativa/2025/3266/requerimento_no.087-2025-marcio_assinado.pdf","data_ultima_atualizacao":"2025-03-07T12:41:31.765613-03:00","ip":"131.161.209.8","ultima_edicao":"2025-03-07T12:41:30.775057-03:00","tipo":14,"regime_tramitacao":4,"tipo_origem_externa":null,"local_origem_externa":null,"user":24,"anexadas":[],"autores":[71]}