{"id":3264,"__str__":"Requerimento n\u00ba 85 de 2025","link_detail_backend":"/materia/3264","metadata":{"signs":{"texto_original":{"admin":[],"autores":[["Agnielde Benici Adorno",["2025-03-07T10:00:43-04:00","ICP-Brasil - Certificado PF A1"]],["Alessandra Varelo de Brito",["2025-03-07T09:53:54-04:00","ICP-Brasil - Certificado PF A1"]],["Eber Lopes Reis",["2025-03-07T11:05:29-04:00","ICP-Brasil - Certificado PF A1"]],["Elias Andrade de Lima",["2025-03-07T10:12:14-04:00","ICP-Brasil - Certificado PF A1"]],["Geferson dos Santos",["2025-03-07T09:50:03-04:00","ICP-Brasil - Certificado PF A1"]],["Jorge Antonio Honorato de Souza",["2025-03-07T10:34:57-04:00","ICP-Brasil - Certificado PF A1"]],["Marcio Domingos dos Santos",["2025-03-07T09:45:36-04:00","ICP-Brasil - Certificado PF A1"]],["Marcio Souza Magalhaes",["2025-03-07T11:13:53-04:00","ICP-Brasil - Certificado PF A1"]],["Ozias Alves dos Santos",["2025-03-07T10:53:40-04:00","ICP-Brasil - Certificado PF A1"]]]}}},"numero":85,"ano":2025,"numero_protocolo":65,"data_apresentacao":"2025-02-27","tipo_apresentacao":"E","data_publicacao":null,"numero_origem_externa":"","ano_origem_externa":null,"data_origem_externa":null,"apelido":"","dias_prazo":null,"data_fim_prazo":null,"em_tramitacao":false,"polemica":false,"objeto":"","complementar":false,"ementa":"Requer: Solicita\u00e7\u00e3o de Recolhimento de Embalagens de Agrot\u00f3xicos.\r\nJustifico: por meio deste, solicitar a aten\u00e7\u00e3o de Vossa Excel\u00eancia para a necessidade urgente de recolhimento adequado das embalagens de agrot\u00f3xicos no munic\u00edpio de S\u00e3o Francisco do Guapor\u00e9. O descarte incorreto desses materiais pode causar impactos ambientais significativos e riscos \u00e0 sa\u00fade p\u00fablica, tornando essencial a implementa\u00e7\u00e3o de um sistema eficiente de coleta e destina\u00e7\u00e3o correta.\r\nConsiderando a legisla\u00e7\u00e3o vigente, como a Lei Federal n.\u00ba 9.974/2000 e o Decreto n.\u00ba 4.074/2002, que regulamentam a destina\u00e7\u00e3o de embalagens vazias de agrot\u00f3xicos, solicitamos que a Prefeitura, em parceria com \u00f3rg\u00e3os ambientais e entidades do setor agr\u00edcola, promova campanhas de conscientiza\u00e7\u00e3o e estabele\u00e7a pontos de coleta no munic\u00edpio.\r\nA iniciativa trar\u00e1 in\u00fameros benef\u00edcios para a popula\u00e7\u00e3o e para o meio ambiente, prevenindo a contamina\u00e7\u00e3o do solo e dos recursos h\u00eddricos, al\u00e9m de garantir a seguran\u00e7a dos trabalhadores rurais e da comunidade em geral.\r\nDiante do exposto, pe\u00e7o que esta solicita\u00e7\u00e3o seja analisada com a devida urg\u00eancia e coloco-me \u00e0 disposi\u00e7\u00e3o para contribuir no que for necess\u00e1rio para viabilizar essa a\u00e7\u00e3o.","indexacao":"","observacao":"","resultado":"","texto_original":"http://sapl.saofranciscodoguapore.ro.leg.br/media/sapl/public/materialegislativa/2025/3264/requerimento_no.085-2025-marcio_assinado.pdf","data_ultima_atualizacao":"2025-03-07T12:39:50.513266-03:00","ip":"131.161.209.8","ultima_edicao":"2025-03-07T12:39:49.551071-03:00","tipo":14,"regime_tramitacao":3,"tipo_origem_externa":null,"local_origem_externa":null,"user":24,"anexadas":[],"autores":[71]}