{"id":3262,"__str__":"Chapa de Elei\u00e7\u00e3o das Comiss\u00f5es n\u00ba 4 de 2025","link_detail_backend":"/materia/3262","metadata":{"signs":{"texto_original":{"admin":[],"autores":[["Agnielde Benici Adorno",["2025-02-27T12:25:59-04:00","ICP-Brasil - Certificado PF A1"]],["Alessandra Varelo de Brito",["2025-02-27T12:48:19-04:00","ICP-Brasil - Certificado PF A1"]],["Braz Carlos Correia",["2025-02-27T12:29:01-04:00","ICP-Brasil - Certificado PF A1"]],["Eber Lopes Reis",["2025-02-27T12:25:29-04:00","ICP-Brasil - Certificado PF A1"]],["Geferson dos Santos",["2025-02-27T12:27:57-04:00","ICP-Brasil - Certificado PF A1"]],["Hermes Bordignon",["2025-02-27T12:31:08-04:00","ICP-Brasil - Certificado PF A1"]],["Jorge Antonio Honorato de Souza",["2025-02-27T12:35:36-04:00","ICP-Brasil - Certificado PF A1"]],["Marcio Domingos dos Santos",["2025-02-27T12:33:08-04:00","ICP-Brasil - Certificado PF A1"]],["Marcio Souza Magalhaes",["2025-02-27T12:24:27-04:00","ICP-Brasil - Certificado PF A1"]],["Ozias Alves dos Santos",["2025-02-27T12:24:55-04:00","ICP-Brasil - Certificado PF A1"]]]}}},"numero":4,"ano":2025,"numero_protocolo":null,"data_apresentacao":"2025-02-27","tipo_apresentacao":"E","data_publicacao":null,"numero_origem_externa":"","ano_origem_externa":null,"data_origem_externa":null,"apelido":"","dias_prazo":null,"data_fim_prazo":null,"em_tramitacao":false,"polemica":false,"objeto":"","complementar":false,"ementa":"Elei\u00e7\u00e3o dos membros da Comiss\u00e3o de Educa\u00e7\u00e3o, Desporto, Lazer, Turismo, Sa\u00fade, Trabalho e A\u00e7\u00e3o Social, para o Bi\u00eanio 2025/2026, composta por:\r\n\r\n\r\nPresidente:  Marcio Souza Magalh\u00e3es\r\n\t\r\nSecret\u00e1rio:  Ozias Alves dos Santos\t\r\n\r\nRelator:  Eber Lopes Reis \t\r\n\r\nSuplente: Agnielde Benici Adorno","indexacao":"","observacao":"","resultado":"","texto_original":"http://sapl.saofranciscodoguapore.ro.leg.br/media/sapl/public/materialegislativa/2025/3262/chapa_cedltstas_assinado.pdf","data_ultima_atualizacao":"2025-02-27T13:51:13.930378-03:00","ip":"131.161.209.8","ultima_edicao":"2025-02-27T13:51:12.752218-03:00","tipo":15,"regime_tramitacao":5,"tipo_origem_externa":null,"local_origem_externa":null,"user":2,"anexadas":[],"autores":[70,60,63,73]}