{"id":3260,"__str__":"Chapa de Elei\u00e7\u00e3o das Comiss\u00f5es n\u00ba 2 de 2025","link_detail_backend":"/materia/3260","metadata":{"signs":{"texto_original":{"admin":[],"autores":[["Alessandra Varelo de Brito",["2025-02-27T12:47:12-04:00","ICP-Brasil - Certificado PF A1"]],["Braz Carlos Correia",["2025-02-27T12:28:51-04:00","ICP-Brasil - Certificado PF A1"]],["Eber Lopes Reis",["2025-02-27T12:42:11-04:00","ICP-Brasil - Certificado PF A1"]],["Elias Andrade de Lima",["2025-02-27T12:46:26-04:00","ICP-Brasil - Certificado PF A1"]],["Geferson dos Santos",["2025-02-27T12:27:12-04:00","ICP-Brasil - Certificado PF A1"]],["Hermes Bordignon",["2025-02-27T12:30:54-04:00","ICP-Brasil - Certificado PF A1"]],["Jorge Antonio Honorato de Souza",["2025-02-27T12:45:24-04:00","ICP-Brasil - Certificado PF A1"]],["Marcio Domingos dos Santos",["2025-02-27T12:41:30-04:00","ICP-Brasil - Certificado PF A1"]],["Marcio Souza Magalhaes",["2025-02-27T12:43:00-04:00","ICP-Brasil - Certificado PF A1"]],["Ozias Alves dos Santos",["2025-02-27T12:44:36-04:00","ICP-Brasil - Certificado PF A1"]]]}}},"numero":2,"ano":2025,"numero_protocolo":null,"data_apresentacao":"2025-02-27","tipo_apresentacao":"E","data_publicacao":null,"numero_origem_externa":"","ano_origem_externa":null,"data_origem_externa":null,"apelido":"","dias_prazo":null,"data_fim_prazo":null,"em_tramitacao":false,"polemica":false,"objeto":"","complementar":false,"ementa":"Elei\u00e7\u00e3o dos membros da Comiss\u00e3o de Or\u00e7amento, Estat\u00edstica e Finan\u00e7as, para o Bi\u00eanio 2025/2026, composta por:\r\n\r\n\r\nPresidente:  M\u00e1rcio Domingos dos Santos\t\r\n\r\nSecret\u00e1rio:  Eber Lopes Reis\r\n\t\r\nRelator:  Marcio Souza Magalh\u00e3es\t\r\n\r\nSuplente: Hermes Bordignon","indexacao":"","observacao":"","resultado":"","texto_original":"http://sapl.saofranciscodoguapore.ro.leg.br/media/sapl/public/materialegislativa/2025/3260/chapa_coef_assinado.pdf","data_ultima_atualizacao":"2025-02-27T13:50:46.395044-03:00","ip":"131.161.209.8","ultima_edicao":"2025-02-27T13:50:44.255119-03:00","tipo":15,"regime_tramitacao":5,"tipo_origem_externa":null,"local_origem_externa":null,"user":2,"anexadas":[],"autores":[9,71,63,73]}