{"id":3259,"__str__":"Chapa de Elei\u00e7\u00e3o das Comiss\u00f5es n\u00ba 1 de 2025","link_detail_backend":"/materia/3259","metadata":{"signs":{"texto_original":{"admin":[],"autores":[["Agnielde Benici Adorno",["2025-02-27T12:04:18-04:00","ICP-Brasil - Certificado PF A1"]],["Alessandra Varelo de Brito",["2025-02-27T12:00:09-04:00","ICP-Brasil - Certificado PF A1"]],["Braz Carlos Correia",["2025-02-27T12:05:08-04:00","ICP-Brasil - Certificado PF A1"]],["Eber Lopes Reis",["2025-02-27T11:59:15-04:00","ICP-Brasil - Certificado PF A1"]],["Elias Andrade de Lima",["2025-02-27T12:05:56-04:00","ICP-Brasil - Certificado PF A1"]],["Geferson dos Santos",["2025-02-27T12:03:23-04:00","ICP-Brasil - Certificado PF A1"]],["Jorge Antonio Honorato de Souza",["2025-02-27T11:58:32-04:00","ICP-Brasil - Certificado PF A1"]],["Marcio Domingos dos Santos",["2025-02-27T12:07:00-04:00","ICP-Brasil - Certificado PF A1"]],["Ozias Alves dos Santos",["2025-02-27T11:57:52-04:00","ICP-Brasil - Certificado PF A1"]]]}}},"numero":1,"ano":2025,"numero_protocolo":null,"data_apresentacao":"2025-02-27","tipo_apresentacao":"E","data_publicacao":null,"numero_origem_externa":"","ano_origem_externa":null,"data_origem_externa":null,"apelido":"","dias_prazo":null,"data_fim_prazo":null,"em_tramitacao":false,"polemica":false,"objeto":"","complementar":false,"ementa":"Elei\u00e7\u00e3o dos membros da Comiss\u00e3o de Constitui\u00e7\u00e3o, Justi\u00e7a e Reda\u00e7\u00e3o Final, para o Bi\u00eanio 2025/2026, composta por:\r\n\r\n\r\nPresidente: Ozias Alves dos Santos\t\r\n\r\nSecret\u00e1rio: Jorge Ant\u00f4nio Honorato de Souza\r\n\t\r\nRelator: Eber Lopes Reis\t\r\n\r\nSuplente:  Alessandra Varelo de Brito","indexacao":"","observacao":"","resultado":"","texto_original":"http://sapl.saofranciscodoguapore.ro.leg.br/media/sapl/public/materialegislativa/2025/3259/chapa_ccjrf_assinado.pdf","data_ultima_atualizacao":"2025-02-27T13:09:07.037906-03:00","ip":"131.161.209.8","ultima_edicao":"2025-02-27T13:09:06.024784-03:00","tipo":15,"regime_tramitacao":5,"tipo_origem_externa":null,"local_origem_externa":null,"user":2,"anexadas":[],"autores":[72,74,60,63]}