{"id":3256,"__str__":"Requerimento n\u00ba 83 de 2025","link_detail_backend":"/materia/3256","metadata":{"signs":{"texto_original":{"admin":[],"autores":[["Agnielde Benici Adorno",["2025-03-07T10:00:30-04:00","ICP-Brasil - Certificado PF A1"]],["Alessandra Varelo de Brito",["2025-03-07T09:53:45-04:00","ICP-Brasil - Certificado PF A1"]],["Eber Lopes Reis",["2025-03-07T11:04:59-04:00","ICP-Brasil - Certificado PF A1"]],["Elias Andrade de Lima",["2025-03-07T10:11:57-04:00","ICP-Brasil - Certificado PF A1"]],["Geferson dos Santos",["2025-03-07T09:49:57-04:00","ICP-Brasil - Certificado PF A1"]],["Jorge Antonio Honorato de Souza",["2025-03-07T10:34:37-04:00","ICP-Brasil - Certificado PF A1"]],["Marcio Domingos dos Santos",["2025-03-07T10:46:38-04:00","ICP-Brasil - Certificado PF A1"]],["Marcio Souza Magalhaes",["2025-03-07T11:13:18-04:00","ICP-Brasil - Certificado PF A1"]],["Ozias Alves dos Santos",["2025-03-07T09:39:59-04:00","ICP-Brasil - Certificado PF A1"]]]}}},"numero":83,"ano":2025,"numero_protocolo":62,"data_apresentacao":"2025-02-26","tipo_apresentacao":"E","data_publicacao":null,"numero_origem_externa":"","ano_origem_externa":null,"data_origem_externa":null,"apelido":"","dias_prazo":null,"data_fim_prazo":null,"em_tramitacao":false,"polemica":false,"objeto":"","complementar":false,"ementa":"Requer atrav\u00e9s da Secretaria Municipal de Agricultura e Desenvolvimento Rural, que seja feito um po\u00e7o artesiano com urg\u00eancia nas depend\u00eancias da Associa\u00e7\u00e3o do Setor Chacareiro na eixo, a fim de garantir o fornecimento de \u00e1gua pot\u00e1vel para todos os moradores da regi\u00e3o.","indexacao":"","observacao":"Como \u00e9 de conhecimento de todos no ano passado tivemos a pior seca da hist\u00f3ria recente, e a previs\u00e3o \u00e9 de uma seca intensa neste ano. A escassez de \u00e1gua \u00e9 uma realidade que impacta diretamente a vida e a sa\u00fade da nossa popula\u00e7\u00e3o, tornando urgente a ado\u00e7\u00e3o de medidas emergenciais para garantir o fornecimento de \u00e1gua pot\u00e1vel. A instala\u00e7\u00e3o do po\u00e7o artesiano e da caixa d'\u00e1gua proporcionar\u00e1 maior seguran\u00e7a no abastecimento e qualidade de vida aos residentes da regi\u00e3o.\r\nA escolha deste local para a execu\u00e7\u00e3o da obra se justifica por ser a regi\u00e3o mais centralizada do Setor Chacareiro, o que garantir\u00e1 o melhor alcance poss\u00edvel aos moradores e contribuir\u00e1 significativamente para a melhoria na distribui\u00e7\u00e3o de \u00e1gua para toda a comunidade.\r\nPor esses motivos, solicitamos a anu\u00eancia e o empenho do Poder Executivo para atender a essa demanda com m\u00e1xima urg\u00eancia, a fim de atender as necessidades emergenciais de abastecimento de \u00e1gua da popula\u00e7\u00e3o local.","resultado":"","texto_original":"http://sapl.saofranciscodoguapore.ro.leg.br/media/sapl/public/materialegislativa/2025/3256/requerimento_no.083-2025-ozias_assinado.pdf","data_ultima_atualizacao":"2025-03-07T12:34:32.126091-03:00","ip":"131.161.209.8","ultima_edicao":"2025-03-07T12:34:31.200197-03:00","tipo":14,"regime_tramitacao":4,"tipo_origem_externa":null,"local_origem_externa":null,"user":2,"anexadas":[],"autores":[60]}