{"id":3251,"__str__":"Requerimento n\u00ba 78 de 2025","link_detail_backend":"/materia/3251","metadata":{"signs":{"texto_original":{"admin":[],"autores":[["Agnielde Benici Adorno",["2025-03-07T09:59:50-04:00","ICP-Brasil - Certificado PF A1"]],["Alessandra Varelo de Brito",["2025-03-07T09:53:15-04:00","ICP-Brasil - Certificado PF A1"]],["Eber Lopes Reis",["2025-03-07T11:03:42-04:00","ICP-Brasil - Certificado PF A1"]],["Elias Andrade de Lima",["2025-03-07T10:11:15-04:00","ICP-Brasil - Certificado PF A1"]],["Geferson dos Santos",["2025-03-07T09:49:37-04:00","ICP-Brasil - Certificado PF A1"]],["Jorge Antonio Honorato de Souza",["2025-03-07T10:33:45-04:00","ICP-Brasil - Certificado PF A1"]],["Marcio Domingos dos Santos",["2025-03-07T09:45:18-04:00","ICP-Brasil - Certificado PF A1"]],["Marcio Souza Magalhaes",["2025-03-07T11:11:52-04:00","ICP-Brasil - Certificado PF A1"]],["Ozias Alves dos Santos",["2025-03-07T10:52:06-04:00","ICP-Brasil - Certificado PF A1"]]]}}},"numero":78,"ano":2025,"numero_protocolo":57,"data_apresentacao":"2025-02-26","tipo_apresentacao":"E","data_publicacao":null,"numero_origem_externa":"","ano_origem_externa":null,"data_origem_externa":null,"apelido":"","dias_prazo":null,"data_fim_prazo":null,"em_tramitacao":false,"polemica":false,"objeto":"","complementar":false,"ementa":"Solicita\u00e7\u00e3o de Manuten\u00e7\u00e3o da Ponte do Rio Caltarino (linha eixo).","indexacao":"","observacao":"","resultado":"","texto_original":"http://sapl.saofranciscodoguapore.ro.leg.br/media/sapl/public/materialegislativa/2025/3251/requerimento_no.078-2025-marcio_assinado.pdf","data_ultima_atualizacao":"2025-03-07T12:31:01.885913-03:00","ip":"131.161.209.8","ultima_edicao":"2025-03-07T12:31:00.840549-03:00","tipo":14,"regime_tramitacao":3,"tipo_origem_externa":null,"local_origem_externa":null,"user":2,"anexadas":[],"autores":[71]}