{"id":3189,"__str__":"Anteprojeto de Lei n\u00ba 2 de 2025","link_detail_backend":"/materia/3189","metadata":{"signs":{"texto_original":{"admin":[],"autores":[["Agnielde Benici Adorno",["2025-03-07T15:33:09-04:00","ICP-Brasil - Certificado PF A1"]],["Alessandra Varelo de Brito",["2025-03-07T15:26:11-04:00","ICP-Brasil - Certificado PF A1"]],["Braz Carlos Correia",["2025-03-07T15:27:07-04:00","ICP-Brasil - Certificado PF A1"]],["Eber Lopes Reis",["2025-03-07T15:32:30-04:00","ICP-Brasil - Certificado PF A1"]],["Elias Andrade de Lima",["2025-03-07T15:28:06-04:00","ICP-Brasil - Certificado PF A1"]],["Geferson dos Santos",["2025-03-07T15:24:40-04:00","ICP-Brasil - Certificado PF A1"]],["Jorge Antonio Honorato de Souza",["2025-03-07T15:34:28-04:00","ICP-Brasil - Certificado PF A1"]],["Marcio Domingos dos Santos",["2025-03-07T15:29:29-04:00","ICP-Brasil - Certificado PF A1"]],["Marcio Souza Magalhaes",["2025-03-07T15:33:45-04:00","ICP-Brasil - Certificado PF A1"]],["Ozias Alves dos Santos",["2025-03-07T15:31:54-04:00","ICP-Brasil - Certificado PF A1"]]]}}},"numero":2,"ano":2025,"numero_protocolo":null,"data_apresentacao":"2025-02-14","tipo_apresentacao":"E","data_publicacao":null,"numero_origem_externa":"2","ano_origem_externa":2025,"data_origem_externa":"2025-02-14","apelido":"","dias_prazo":null,"data_fim_prazo":null,"em_tramitacao":false,"polemica":false,"objeto":"","complementar":false,"ementa":"\u201cConcede Isen\u00e7\u00e3o do Imposto Predial e Territorial urbano (IPTU), sobre im\u00f3vel integrante do patrim\u00f4nio de Portadores de Neoplastia maligna (C\u00e2ncer), Insufici\u00eancia Renal aguda ou Cr\u00f4nica graves (pacientes de hemodi\u00e1lise) ou de seus dependentes, e d\u00e1 outras provid\u00eancias.\u201d","indexacao":"Isen\u00e7\u00e3o do Imposto Predial e Territorial urbano (IPTU).","observacao":"","resultado":"","texto_original":"http://sapl.saofranciscodoguapore.ro.leg.br/media/sapl/public/materialegislativa/2025/3189/apl_n.02-2025_assinado.pdf","data_ultima_atualizacao":"2025-03-07T16:58:10.060417-03:00","ip":"131.161.211.26","ultima_edicao":"2025-03-07T16:58:09.077706-03:00","tipo":12,"regime_tramitacao":3,"tipo_origem_externa":12,"local_origem_externa":3,"user":2,"anexadas":[],"autores":[70,74,63,73]}