{"id":3188,"__str__":"Anteprojeto de Lei n\u00ba 1 de 2025","link_detail_backend":"/materia/3188","metadata":{"signs":{"texto_original":{"admin":[],"autores":[["Agnielde Benici Adorno",["2025-03-07T15:22:11-04:00","ICP-Brasil - Certificado PF A1"]],["Alessandra Varelo de Brito",["2025-03-07T15:25:58-04:00","ICP-Brasil - Certificado PF A1"]],["Braz Carlos Correia",["2025-03-07T15:26:52-04:00","ICP-Brasil - Certificado PF A1"]],["Eber Lopes Reis",["2025-03-07T15:21:13-04:00","ICP-Brasil - Certificado PF A1"]],["Elias Andrade de Lima",["2025-03-07T15:27:49-04:00","ICP-Brasil - Certificado PF A1"]],["Geferson dos Santos",["2025-03-07T15:24:28-04:00","ICP-Brasil - Certificado PF A1"]],["Jorge Antonio Honorato de Souza",["2025-03-07T15:21:45-04:00","ICP-Brasil - Certificado PF A1"]],["Marcio Domingos dos Santos",["2025-03-07T15:29:10-04:00","ICP-Brasil - Certificado PF A1"]],["Marcio Souza Magalhaes",["2025-03-07T15:22:44-04:00","ICP-Brasil - Certificado PF A1"]],["Ozias Alves dos Santos",["2025-03-07T15:31:34-04:00","ICP-Brasil - Certificado PF A1"]]]}}},"numero":1,"ano":2025,"numero_protocolo":null,"data_apresentacao":"2025-02-14","tipo_apresentacao":"E","data_publicacao":null,"numero_origem_externa":"1","ano_origem_externa":2025,"data_origem_externa":"2025-02-14","apelido":"","dias_prazo":null,"data_fim_prazo":null,"em_tramitacao":false,"polemica":false,"objeto":"","complementar":false,"ementa":"\u201cDisp\u00f5e sobre a concess\u00e3o de incentivo fiscal para a regulariza\u00e7\u00e3o das transa\u00e7\u00f5es imobili\u00e1rias do imposto de transmiss\u00e3o de bens im\u00f3veis (ITBI) no munic\u00edpio de S\u00e3o Francisco do Guapor\u00e9 e d\u00e1 outras provid\u00eancias.\u201d","indexacao":"incentivo fiscal para a regulariza\u00e7\u00e3o das transa\u00e7\u00f5es imobili\u00e1rias do imposto de transmiss\u00e3o de bens im\u00f3veis (ITBI)","observacao":"","resultado":"","texto_original":"http://sapl.saofranciscodoguapore.ro.leg.br/media/sapl/public/materialegislativa/2025/3188/apl_n.01-2025_assinado.pdf","data_ultima_atualizacao":"2025-03-07T16:57:53.422448-03:00","ip":"131.161.211.26","ultima_edicao":"2025-03-07T16:57:52.055426-03:00","tipo":12,"regime_tramitacao":3,"tipo_origem_externa":12,"local_origem_externa":3,"user":2,"anexadas":[],"autores":[70,74,63,73]}