{"id":3179,"__str__":"Requerimento n\u00ba 21 de 2025","link_detail_backend":"/materia/3179","metadata":{},"numero":21,"ano":2025,"numero_protocolo":null,"data_apresentacao":"2025-02-14","tipo_apresentacao":"E","data_publicacao":null,"numero_origem_externa":"","ano_origem_externa":null,"data_origem_externa":null,"apelido":"","dias_prazo":null,"data_fim_prazo":null,"em_tramitacao":false,"polemica":false,"objeto":"","complementar":false,"ementa":"Requer que seja realizada a manuten\u00e7\u00e3o Requerimento que seja feito a manuten\u00e7\u00e3o da Pra\u00e7a pr\u00f3ximo a garagem do DER - Pra\u00e7a Jos\u00e9 Veira\u201d pelo motivo de quase todos os bancos foram destru\u00eddos, o pergolado j\u00e1 foi tirado a metade e n\u00e3o foi refeito e n\u00e3o foi dado manuten\u00e7\u00e3o no restantes e manuten\u00e7\u00e3o nos brinquedos para que as crian\u00e7as se divirtam e tenham momentos de descontra\u00e7\u00e3o e de lazer juntos a sua fam\u00edlia.","indexacao":"","observacao":"Diante do exposto vimos a necessidade manuten\u00e7\u00e3o da Pra\u00e7a da Jos\u00e9 Vieira, vimos que e de suma import\u00e2ncia para as crian\u00e7as da nossa cidade no qual\r\nincluir o laser e atividades f\u00edsicas contribui para o desenvolvimento social e in\u00fameros benef\u00edcios a sa\u00fade, para a melhoria da habilidade motoras e cognitivas da crian\u00e7as, com a manuten\u00e7\u00e3o da essas crian\u00e7as ir\u00e3o poder desfrutar dos brinquedos se espa\u00e7o de descontra\u00e7\u00e3o e brincadeiras. Por esse motivo pe\u00e7o apoio dos nobres colegas para a manuten\u00e7\u00e3o da pra\u00e7a.","resultado":"","texto_original":"http://sapl.saofranciscodoguapore.ro.leg.br/media/sapl/public/materialegislativa/2025/3179/requerimento_21-2025.pdf","data_ultima_atualizacao":"2025-02-17T13:32:35.199354-03:00","ip":"131.161.209.8","ultima_edicao":"2025-02-17T13:32:27.137754-03:00","tipo":14,"regime_tramitacao":3,"tipo_origem_externa":null,"local_origem_externa":null,"user":2,"anexadas":[],"autores":[70]}