{"id":3173,"__str__":"Requerimento n\u00ba 15 de 2025","link_detail_backend":"/materia/3173","metadata":{},"numero":15,"ano":2025,"numero_protocolo":null,"data_apresentacao":"2025-02-14","tipo_apresentacao":"E","data_publicacao":null,"numero_origem_externa":"","ano_origem_externa":null,"data_origem_externa":null,"apelido":"","dias_prazo":null,"data_fim_prazo":null,"em_tramitacao":false,"polemica":false,"objeto":"","complementar":false,"ementa":"Requer que seja realizado as manuten\u00e7\u00f5es e Amplia\u00e7\u00e3o da capela para pode receber outro vel\u00f3rio n\u00e3o causando constrangimento aos familiares por falta de local para velar seus entes querido, e a amplia\u00e7\u00e3o de uma sala de repouso para as fam\u00edlias poderem aconchegar seus filhos.","indexacao":"","observacao":"Diante do exposto vimos a necessidade da reforma e amplia\u00e7\u00e3o, pois o telhado encontra-se bastante deteriorado pois quando chove molha praticamente toda capela, o forro est\u00e1 bastante comprometido. A Amplia\u00e7\u00e3o da capela para pode receber outro vel\u00f3rio n\u00e3o causando constrangimento aos familiares por falta de local para velar seus entes querido, e a amplia\u00e7\u00e3o de uma sala de repouso para as fam\u00edlias poderem aconchegar seus filhos nesse momento de dor e tristeza. Sendo assim a reforma e amplia\u00e7\u00e3o ir\u00e1 melhorar para os usu\u00e1rios que ali passarem, solicito o apoio dos nobres colegas para a revitaliza\u00e7\u00e3o da capela.","resultado":"","texto_original":"http://sapl.saofranciscodoguapore.ro.leg.br/media/sapl/public/materialegislativa/2025/3173/requerimento_15-2025.pdf","data_ultima_atualizacao":"2025-02-17T13:29:29.994941-03:00","ip":"131.161.209.8","ultima_edicao":"2025-02-17T13:29:19.386918-03:00","tipo":14,"regime_tramitacao":3,"tipo_origem_externa":null,"local_origem_externa":null,"user":2,"anexadas":[],"autores":[70]}