{"id":3150,"__str__":"Projeto de Lei Complementar n\u00ba 2 de 2025","link_detail_backend":"/materia/3150","metadata":{},"numero":2,"ano":2025,"numero_protocolo":null,"data_apresentacao":"2025-02-04","tipo_apresentacao":"E","data_publicacao":"2025-02-04","numero_origem_externa":"2","ano_origem_externa":2025,"data_origem_externa":"2025-02-04","apelido":"","dias_prazo":null,"data_fim_prazo":null,"em_tramitacao":false,"polemica":false,"objeto":"","complementar":true,"ementa":"\"Disp\u00f5e sobre a amplia\u00e7\u00e3o do n\u00famero de vagas dos cargos efetivos de professores e pedagogos do ensino fundamental 1, Professores e pedagogos da educa\u00e7\u00e3o infantil e psicopedagogos. Que descreve a Lei complementar n\u00ba 056/2017, autorizando a realiza\u00e7\u00e3o e d\u00e1 outras provid\u00eancias.\"","indexacao":"Sobre a amplia\u00e7\u00e3o do n\u00famero de vagas dos cargos efetivos de professores e pedagogos do ensino fundamental 1, Professores e pedagogos da educa\u00e7\u00e3o infantil e psicopedagogos. Que descreve a Lei complementar n\u00ba 056/2017.","observacao":"","resultado":"","texto_original":"http://sapl.saofranciscodoguapore.ro.leg.br/media/sapl/public/materialegislativa/2025/3150/plc_02-2025.pdf.pdf","data_ultima_atualizacao":"2025-02-27T19:18:04.079017-03:00","ip":"131.161.209.8","ultima_edicao":"2025-02-04T15:12:07.654343-03:00","tipo":10,"regime_tramitacao":4,"tipo_origem_externa":10,"local_origem_externa":1,"user":20,"anexadas":[],"autores":[69]}