{"id":2790,"__str__":"Requerimento n\u00ba 22 de 2024","link_detail_backend":"/materia/2790","metadata":{},"numero":22,"ano":2024,"numero_protocolo":null,"data_apresentacao":"2024-03-01","tipo_apresentacao":"E","data_publicacao":null,"numero_origem_externa":"22","ano_origem_externa":2024,"data_origem_externa":"2024-03-01","apelido":"","dias_prazo":null,"data_fim_prazo":null,"em_tramitacao":false,"polemica":false,"objeto":"","complementar":false,"ementa":"Requer junto a Secretaria de Agricultura e Meio Ambiente, em parceria com o Idaron, fa\u00e7a o recolhimento de Embalagens de Agrot\u00f3xicos em nosso munic\u00edpio.","indexacao":"","observacao":"Visto que o local mais pr\u00f3ximo \u00e9 S\u00e3o Miguel, e o munic\u00edpio j\u00e1 faz todos os anos essa parceria para recolhimento das embalagens, pe\u00e7o novamente que seja feito essa parceria que os produtores rurais possam despachar suas embalagens e ficarem legal perante a fiscaliza\u00e7\u00e3o do Governo.","resultado":"","texto_original":null,"data_ultima_atualizacao":"2024-03-07T09:11:35.041552-03:00","ip":"200.80.118.39","ultima_edicao":"2024-03-01T12:14:41.159609-03:00","tipo":14,"regime_tramitacao":3,"tipo_origem_externa":14,"local_origem_externa":3,"user":2,"anexadas":[],"autores":[1]}