{"id":2563,"__str__":"Requerimento n\u00ba 169 de 2023","link_detail_backend":"/materia/2563","metadata":{},"numero":169,"ano":2023,"numero_protocolo":null,"data_apresentacao":"2023-09-15","tipo_apresentacao":"E","data_publicacao":null,"numero_origem_externa":"169","ano_origem_externa":2023,"data_origem_externa":"2023-09-15","apelido":"","dias_prazo":null,"data_fim_prazo":null,"em_tramitacao":false,"polemica":false,"objeto":"","complementar":false,"ementa":"Requer que seja arrumado o seman\u00e1rio da faixa de pedestre da avenida Brasil com a Tancredo Neves de S\u00e3o Francisco do Guapor\u00e9/RO.","indexacao":"","observacao":"Pedimos uma aten\u00e7\u00e3o especial, para seja arrumado o seman\u00e1rio da faixa de\r\npedestre da avenida Brasil com a Tancredo Neves e mantendo o bom andamento e\r\nseguran\u00e7a de nosso munic\u00edpio de S\u00e3o Francisco do Guapor\u00e9.","resultado":"","texto_original":"http://sapl.saofranciscodoguapore.ro.leg.br/media/sapl/public/materialegislativa/2023/2563/requerimento_no_169-2023.pdf","data_ultima_atualizacao":"2023-09-22T12:56:31.448089-03:00","ip":"131.161.210.75","ultima_edicao":"2023-09-20T12:47:22.194119-03:00","tipo":14,"regime_tramitacao":3,"tipo_origem_externa":14,"local_origem_externa":3,"user":3,"anexadas":[],"autores":[63]}