{"id":2546,"__str__":"Projeto de Resolu\u00e7\u00e3o Legislativa n\u00ba 5 de 2023","link_detail_backend":"/materia/2546","metadata":{},"numero":5,"ano":2023,"numero_protocolo":null,"data_apresentacao":"2023-09-06","tipo_apresentacao":"","data_publicacao":null,"numero_origem_externa":"05","ano_origem_externa":2023,"data_origem_externa":"2023-09-06","apelido":"","dias_prazo":null,"data_fim_prazo":null,"em_tramitacao":false,"polemica":false,"objeto":"","complementar":false,"ementa":"Altera o hor\u00e1rio das Sess\u00e3o Ordin\u00e1rias da C\u00e2mara Municipal de S\u00e3o Francisco do Guapor\u00e9/RO.","indexacao":"Projeto este com objetivo de alterar a o hor\u00e1rio das sess\u00e3o ordin\u00e1rias.","observacao":"","resultado":"","texto_original":"http://sapl.saofranciscodoguapore.ro.leg.br/media/sapl/public/materialegislativa/2023/2546/projeto_de_resolucao_no.005-2023.pdf","data_ultima_atualizacao":"2023-09-22T12:58:54.501468-03:00","ip":"131.161.210.75","ultima_edicao":"2023-09-20T12:56:43.901534-03:00","tipo":11,"regime_tramitacao":3,"tipo_origem_externa":11,"local_origem_externa":2,"user":3,"anexadas":[],"autores":[11]}