{"id":2544,"__str__":"Indica\u00e7\u00e3o n\u00ba 16 de 2023","link_detail_backend":"/materia/2544","metadata":{},"numero":16,"ano":2023,"numero_protocolo":null,"data_apresentacao":"2023-08-31","tipo_apresentacao":"E","data_publicacao":null,"numero_origem_externa":"16","ano_origem_externa":2023,"data_origem_externa":"2023-08-31","apelido":"","dias_prazo":null,"data_fim_prazo":null,"em_tramitacao":true,"polemica":false,"objeto":"","complementar":false,"ementa":"\u201cIndico ao Poder Executivo, que seja oferecido cursos de capacita\u00e7\u00e3o, para\r\nfeirantes da associa\u00e7\u00e3o da feira municipal e vendedores livres, a fim de produzir e realizar\r\npr\u00e1ticas de comercializa\u00e7\u00e3o dos produtos.\u201d","indexacao":"","observacao":"\u201cTal indica\u00e7\u00e3o motiva-se para o melhor andamento do munic\u00edpio, considerando que a\r\nimport\u00e2ncia da valoriza\u00e7\u00e3o da nossa classe de produtores e comerciantes rurais, em apoio\r\naos feirantes de nosso munic\u00edpio, aonde eles possam se preparar com recursos e\r\ninforma\u00e7\u00f5es precisas para o que for necess\u00e1rios, a fim da realiza\u00e7\u00e3o das suas vendas e\r\ndemandas no munic\u00edpio, os qualificando para venda de alimentos espec\u00edficos e gerais,\r\nsegundo as normas do c\u00f3digo de consumidores e Ag\u00eancia Nacional de Vigil\u00e2ncia Sanit\u00e1ria -\r\nAnvisa.\"","resultado":"","texto_original":null,"data_ultima_atualizacao":"2023-08-31T13:17:31.799924-03:00","ip":"131.161.210.75","ultima_edicao":"2023-08-31T13:16:31.242749-03:00","tipo":5,"regime_tramitacao":3,"tipo_origem_externa":5,"local_origem_externa":3,"user":3,"anexadas":[],"autores":[63]}