{"id":2540,"__str__":"Projeto de Lei Complementar n\u00ba 20 de 2023","link_detail_backend":"/materia/2540","metadata":{},"numero":20,"ano":2023,"numero_protocolo":null,"data_apresentacao":"2023-08-29","tipo_apresentacao":"E","data_publicacao":null,"numero_origem_externa":"20","ano_origem_externa":2023,"data_origem_externa":"2023-08-29","apelido":"","dias_prazo":null,"data_fim_prazo":null,"em_tramitacao":true,"polemica":false,"objeto":"","complementar":false,"ementa":"Disp\u00f5es sobre a cria\u00e7\u00e3o de cargos na Secretaria Municipal de Educa\u00e7\u00e3o, Cultura, Esporte, Lazer e Turismo a que descreve a Lei Complementar n 047/2015","indexacao":"","observacao":"Fica  criada  01(uma) vaga do cargo efetivo de professor(a) licenciatura plena em pedagogia com especializa\u00e7\u00e3o em Educa\u00e7\u00e3o Especial e 01 (uma) vaga do cargo efetivo de professor(a) licenciatura plena em pedagogia com especializa\u00e7\u00e3o em Psicopedagogia Clinica e Institucional.","resultado":"","texto_original":null,"data_ultima_atualizacao":"2023-09-27T13:43:04.903634-03:00","ip":"131.161.210.75","ultima_edicao":"2023-09-27T13:43:04.785096-03:00","tipo":10,"regime_tramitacao":3,"tipo_origem_externa":10,"local_origem_externa":1,"user":3,"anexadas":[],"autores":[65]}