{"id":2446,"__str__":"Requerimento n\u00ba 133 de 2023","link_detail_backend":"/materia/2446","metadata":{},"numero":133,"ano":2023,"numero_protocolo":null,"data_apresentacao":"2023-06-23","tipo_apresentacao":"E","data_publicacao":null,"numero_origem_externa":"133","ano_origem_externa":2023,"data_origem_externa":"2023-06-23","apelido":"","dias_prazo":null,"data_fim_prazo":null,"em_tramitacao":true,"polemica":false,"objeto":"","complementar":false,"ementa":"Para que seja colocado Centrais de Ar (Ar-Condicionado) na capela mortu\u00e1ria do nosso munic\u00edpio de S\u00e3o Francisco do Guapor\u00e9/RO.","indexacao":"","observacao":"Pedimos uma aten\u00e7\u00e3o especial, para que seja efetuada a instala\u00e7\u00e3o de Centrais de Ar (Ar-Condicionado) na capela mortu\u00e1ria do nosso munic\u00edpio de S\u00e3o Francisco do Guapor\u00e9/RO, para melhor atender as fam\u00edlias durante os momentos de lutos.","resultado":"","texto_original":"http://sapl.saofranciscodoguapore.ro.leg.br/media/sapl/public/materialegislativa/2023/2446/requerimento_n._133-2023.pdf","data_ultima_atualizacao":"2023-06-29T12:10:32.656325-03:00","ip":"131.161.210.75","ultima_edicao":"2023-06-29T12:10:32.532490-03:00","tipo":14,"regime_tramitacao":3,"tipo_origem_externa":14,"local_origem_externa":3,"user":3,"anexadas":[],"autores":[63]}