{"id":2442,"__str__":"Indica\u00e7\u00e3o n\u00ba 12 de 2023","link_detail_backend":"/materia/2442","metadata":{},"numero":12,"ano":2023,"numero_protocolo":null,"data_apresentacao":"2023-06-23","tipo_apresentacao":"E","data_publicacao":null,"numero_origem_externa":"12","ano_origem_externa":2023,"data_origem_externa":"2023-06-23","apelido":"","dias_prazo":null,"data_fim_prazo":null,"em_tramitacao":true,"polemica":false,"objeto":"","complementar":false,"ementa":"\u201cIndico para seja feito Estudos t\u00e9cnicos com planejamento or\u00e7ament\u00e1rio financeiro, para que, seja realizado cursos de capacita\u00e7\u00e3o profissional de cuidadores de crian\u00e7as, cuidadores de idosos e cuidadores de pessoa com defici\u00eancia.\u201d","indexacao":"","observacao":"\u201cTal indica\u00e7\u00e3o motiva-se para o melhor andamento do munic\u00edpio, considerando que a import\u00e2ncia da presen\u00e7a de um cuidador para pessoas na sociedade \u00e9 hoje uma realidade indiscut\u00edvel. Sejam idosos, adultos, jovens ou crian\u00e7as, o cuidador cada vez mais se faz necess\u00e1rio para garantir de uma melhor qualidade de vida aqueles que necessitam de apoio para um conjunto grande de atividades no seu cotidiano.\u201d","resultado":"","texto_original":"http://sapl.saofranciscodoguapore.ro.leg.br/media/sapl/public/materialegislativa/2023/2442/indicacao_legislativa_n._12-2023.pdf","data_ultima_atualizacao":"2023-06-29T12:20:09.358927-03:00","ip":"131.161.210.75","ultima_edicao":"2023-06-29T12:20:09.218805-03:00","tipo":5,"regime_tramitacao":3,"tipo_origem_externa":5,"local_origem_externa":3,"user":3,"anexadas":[],"autores":[63]}