{"id":2430,"__str__":"Indica\u00e7\u00e3o n\u00ba 11 de 2023","link_detail_backend":"/materia/2430","metadata":{},"numero":11,"ano":2023,"numero_protocolo":null,"data_apresentacao":"2023-06-16","tipo_apresentacao":"E","data_publicacao":null,"numero_origem_externa":"11","ano_origem_externa":2023,"data_origem_externa":"2023-06-16","apelido":"","dias_prazo":null,"data_fim_prazo":null,"em_tramitacao":false,"polemica":false,"objeto":"","complementar":false,"ementa":"Indico que seja destinado o valor arrecadado no Leil\u00e3o de ve\u00edculos e maquin\u00e1rio para a Secretaria de Obras, em especial para o t\u00e9rmino do Barrac\u00e3o dos mec\u00e2nicos e aquisi\u00e7\u00e3o de mais equipamentos para a oficina.","indexacao":"","observacao":"Senhor Prefeito, Tal reinvindica\u00e7\u00e3o se faz necess\u00e1rio para dar melhores condi\u00e7\u00f5es dos nossos servidores mec\u00e2nicos trabalharem, ainda falta o termino do barrac\u00e3o, na constru\u00e7\u00e3o do piso, e aquisi\u00e7\u00e3o de mais equipamentos para a oficina. Com essa aquisi\u00e7\u00e3o nossos servidores teriam mais equipamentos para agilizar os concertos do maquin\u00e1rio que d\u00e1 suporte no desenvolvimento das obras de nosso munic\u00edpio.","resultado":"","texto_original":null,"data_ultima_atualizacao":"2023-06-20T09:04:26.611247-03:00","ip":"131.161.210.75","ultima_edicao":"2023-06-16T11:38:12.945949-03:00","tipo":5,"regime_tramitacao":3,"tipo_origem_externa":5,"local_origem_externa":3,"user":3,"anexadas":[],"autores":[6]}