{"id":2171,"__str__":"Requerimento n\u00ba 12 de 2023","link_detail_backend":"/materia/2171","metadata":{},"numero":12,"ano":2023,"numero_protocolo":null,"data_apresentacao":"2023-02-17","tipo_apresentacao":"E","data_publicacao":null,"numero_origem_externa":"12","ano_origem_externa":2023,"data_origem_externa":"2023-02-17","apelido":"","dias_prazo":null,"data_fim_prazo":null,"em_tramitacao":false,"polemica":false,"objeto":"","complementar":false,"ementa":"Requer junto a Secretaria de Sa\u00fade, um refeit\u00f3rio climatizado no pronto atendimento do nosso munic\u00edpio.","indexacao":"","observacao":"Proporcionar o m\u00ednimo conforto para o bem-estar dos funcion\u00e1rios, por n\u00e3o ter um refeit\u00f3rio climatizado. Sabendo que nossa regi\u00e3o \u00e9 muito quente e ser\u00e1 \u00fatil tamb\u00e9m por manter a diminui\u00e7\u00e3o dos riscos de contamina\u00e7\u00e3o nos alimentos.","resultado":"","texto_original":"http://sapl.saofranciscodoguapore.ro.leg.br/media/sapl/public/materialegislativa/2023/2171/requerimento_n.12-2023.pdf","data_ultima_atualizacao":"2023-02-24T13:32:37.016281-03:00","ip":"131.161.210.76","ultima_edicao":"2023-02-24T13:18:14.980111-03:00","tipo":14,"regime_tramitacao":3,"tipo_origem_externa":14,"local_origem_externa":3,"user":2,"anexadas":[],"autores":[59]}