{"id":70,"__str__":"Parecer - PARECER JUR\u00cdDICO de 13/02/2019 por Fabr\u00edcia Uchaki da Silva","link_detail_backend":"/materia/documentoacessorio/70","metadata":{},"nome":"PARECER JUR\u00cdDICO","data":"2019-02-13","autor":"Fabr\u00edcia Uchaki da Silva","ementa":"","indexacao":"","arquivo":"http://sapl.saofranciscodoguapore.ro.leg.br/media/sapl/public/documentoacessorio/2019/70/parecer_juridico_7SfBup0.pdf","data_ultima_atualizacao":"2019-07-11T12:58:28.622878-03:00","materia":17,"tipo":4}