{"id":49,"__str__":"Parecer - PARECER JUR\u00cdDICO de 13/02/2019 por Fabr\u00edcia Uchaki da Silva","link_detail_backend":"/materia/documentoacessorio/49","metadata":{},"nome":"PARECER JUR\u00cdDICO","data":"2019-02-13","autor":"Fabr\u00edcia Uchaki da Silva","ementa":"","indexacao":"","arquivo":"http://sapl.saofranciscodoguapore.ro.leg.br/media/sapl/public/documentoacessorio/2019/49/parecer_juridico.pdf","data_ultima_atualizacao":"2019-07-11T11:50:34.318001-03:00","materia":7,"tipo":4}