{"id":2530,"__str__":"Parecer - Reuni\u00e3o das Comiss\u00f5es em Conjunto de 13/03/2026 por Vereadores das Comiss\u00f5es Permanentes","link_detail_backend":"/materia/documentoacessorio/2530","metadata":{"signs":{"arquivo":{"admin":[],"autores":[["Alessandra Varelo de Brito",["2026-03-16T21:21:26-04:00","ICP-Brasil - AC SyngularID Multipla"]],["Eber Lopes Reis",["2026-03-16T21:20:03-04:00","ICP-Brasil - AC SyngularID Multipla"]],["Elias Andrade de Lima",["2026-03-16T21:23:13-04:00","ICP-Brasil - AC SyngularID Multipla"]],["Jorge Antonio Honorato de Souza",["2026-03-16T21:22:38-04:00","ICP-Brasil - AC SyngularID Multipla"]],["Marcio Domingos dos Santos",["2026-03-16T21:20:39-04:00","ICP-Brasil - AC SyngularID Multipla"]],["Marcio Souza Magalhaes",["2026-03-16T21:22:06-04:00","ICP-Brasil - AC SyngularID Multipla"]],["Ozias Alves dos Santos",["2026-03-16T21:19:29-04:00","ICP-Brasil - AC SyngularID Multipla"]]]}}},"nome":"Reuni\u00e3o das Comiss\u00f5es em Conjunto","data":"2026-03-13","autor":"Vereadores das Comiss\u00f5es Permanentes","ementa":"\u201cInstitui no \u00e2mbito do Munic\u00edpio de S\u00e3o Francisco do Guapor\u00e9, O Programa Municipal de Apoio \u00e0 Mudan\u00e7as Para Fam\u00edlia de Baixa Renda e Mulheres de Situa\u00e7\u00e3o de Vulnerabilidade Social do Munic\u00edpio de S\u00e3o Francisco do Guapor\u00e9 \u2013 RO, e d\u00e1 outras provid\u00eancias.\u201d","indexacao":"\u201cInstitui no \u00e2mbito do Munic\u00edpio de S\u00e3o Francisco do Guapor\u00e9, O Programa Municipal de Apoio \u00e0 Mudan\u00e7as Para Fam\u00edlia de Baixa Renda e Mulheres de Situa\u00e7\u00e3o de Vulnerabilidade Social do Munic\u00edpio de S\u00e3o Francisco do Guapor\u00e9 \u2013 RO, e d\u00e1 outras provid\u00eancias.\u201d","arquivo":"http://sapl.saofranciscodoguapore.ro.leg.br/media/sapl/public/documentoacessorio/2026/2530/parecer_pl_34-2026_-_projeto_de_lei_assinado.pdf","data_ultima_atualizacao":"2026-03-17T09:04:55.697988-03:00","materia":4312,"tipo":4}