{"id":2365,"__str__":"Parecer - Reuni\u00e3o das Comiss\u00f5es em Conjunto de 25/08/2025 por Vereadores da Comiss\u00f5es Permanente","link_detail_backend":"/materia/documentoacessorio/2365","metadata":{"signs":{"arquivo":{"admin":[],"autores":[["Alessandra Varelo de Brito",["2025-09-02T12:48:47-04:00","ICP-Brasil - Certificado PF A1"]],["Eber Lopes Reis",["2025-09-02T12:46:03-04:00","ICP-Brasil - Certificado PF A1"]],["Elias Andrade de Lima",["2025-09-02T12:53:25-04:00","ICP-Brasil - Certificado PF A1"]],["Jorge Antonio Honorato de Souza",["2025-09-02T12:51:47-04:00","ICP-Brasil - Certificado PF A1"]],["Marcio Domingos dos Santos",["2025-09-02T12:47:07-04:00","ICP-Brasil - Certificado PF A1"]],["Marcio Souza Magalhaes",["2025-09-02T12:50:12-04:00","ICP-Brasil - Certificado PF A1"]],["Ozias Alves dos Santos",["2025-09-02T12:44:57-04:00","ICP-Brasil - Certificado PF A1"]]]}}},"nome":"Reuni\u00e3o das Comiss\u00f5es em Conjunto","data":"2025-08-25","autor":"Vereadores da Comiss\u00f5es Permanente","ementa":"","indexacao":"","arquivo":"http://sapl.saofranciscodoguapore.ro.leg.br/media/sapl/public/documentoacessorio/2025/2365/parecer_-_projeto_de_lei_962025_assinado.pdf","data_ultima_atualizacao":"2025-09-02T14:02:53.048270-03:00","materia":3820,"tipo":4}