{"id":2363,"__str__":"Parecer - Reuni\u00e3o das Comiss\u00f5es em Conjunto de 13/08/2025 por Vereadores da Comiss\u00f5es Permanente","link_detail_backend":"/materia/documentoacessorio/2363","metadata":{"signs":{"arquivo":{"admin":[],"autores":[["Alessandra Varelo de Brito",["2025-08-22T10:43:03-04:00","ICP-Brasil - Certificado PF A1"]],["Eber Lopes Reis",["2025-08-22T10:40:09-04:00","ICP-Brasil - Certificado PF A1"]],["Elias Andrade de Lima",["2025-08-22T10:47:25-04:00","ICP-Brasil - Certificado PF A1"]],["Jorge Antonio Honorato de Souza",["2025-08-22T10:46:04-04:00","ICP-Brasil - Certificado PF A1"]],["Marcio Domingos dos Santos",["2025-08-22T10:42:05-04:00","ICP-Brasil - Certificado PF A1"]],["Marcio Souza Magalhaes",["2025-08-22T10:44:02-04:00","ICP-Brasil - Certificado PF A1"]],["Ozias Alves dos Santos",["2025-08-22T10:38:41-04:00","ICP-Brasil - Certificado PF A1"]]]}}},"nome":"Reuni\u00e3o das Comiss\u00f5es em Conjunto","data":"2025-08-13","autor":"Vereadores da Comiss\u00f5es Permanente","ementa":"","indexacao":"","arquivo":"http://sapl.saofranciscodoguapore.ro.leg.br/media/sapl/public/documentoacessorio/2025/2363/parecer_-_projeto_de_resolucao_de_legislativa_de_lei_082025_assinado.pdf","data_ultima_atualizacao":"2025-08-22T12:38:06.346809-03:00","materia":3778,"tipo":4}