{"id":20,"__str__":"Parecer - Parecer Jur\u00eddico de 09/07/2019 por Fabr\u00edcia Uchaki","link_detail_backend":"/materia/documentoacessorio/20","metadata":{},"nome":"Parecer Jur\u00eddico","data":"2019-07-09","autor":"Fabr\u00edcia Uchaki","ementa":"","indexacao":"","arquivo":"http://sapl.saofranciscodoguapore.ro.leg.br/media/sapl/public/documentoacessorio/2019/20/parecer_fabricia_03.pdf","data_ultima_atualizacao":"2019-07-09T12:58:29.015856-03:00","materia":5,"tipo":4}