{"id":180,"__str__":"Reuni\u00e3o das Comiss\u00f5es em Conjunto","link_detail_backend":"/comissao/reuniao/180","metadata":{"signs":{"upload_ata":{"admin":[],"autores":[["Agnielde Benici Adorno",["2025-09-17T08:35:40-04:00","ICP-Brasil - Certificado PF A1"]],["Alessandra Varelo de Brito",["2025-09-17T08:33:31-04:00","ICP-Brasil - Certificado PF A1"]],["Eber Lopes Reis",["2025-09-17T08:32:33-04:00","ICP-Brasil - Certificado PF A1"]],["Elias Andrade de Lima",["2025-09-17T08:35:03-04:00","ICP-Brasil - Certificado PF A1"]],["Jorge Antonio Honorato de Souza",["2025-09-17T08:33:03-04:00","ICP-Brasil - Certificado PF A1"]],["Marcio Domingos dos Santos",["2025-09-17T08:36:23-04:00","ICP-Brasil - Certificado PF A1"]],["Marcio Souza Magalhaes",["2025-09-17T08:34:11-04:00","ICP-Brasil - Certificado PF A1"]],["Ozias Alves dos Santos",["2025-09-17T08:32:02-04:00","ICP-Brasil - Certificado PF A1"]]]},"upload_pauta":{"admin":[],"autores":[["Abinadabe Basilio dos Santos",["2025-09-09T10:08:34-03:00","Gov-Br"]]]}}},"numero":27,"nome":"Reuni\u00e3o das Comiss\u00f5es em Conjunto","tema":"Analise dos Projetos em tramita\u00e7\u00e3o.","data":"2025-09-12","hora_inicio":"09:00:00","hora_fim":"11:25:00","local_reuniao":"Plen\u00e1rio Gerson Paulino","observacao":"","url_audio":"","url_video":"","upload_pauta":"http://sapl.saofranciscodoguapore.ro.leg.br/media/sapl/public/reuniao/180/pauta/27a_pauta_das_comissoes_permanentes_-_2025.pdf","upload_ata":"http://sapl.saofranciscodoguapore.ro.leg.br/media/sapl/public/reuniao/180/ata/27a_ata_das_comissoes_2025.pdf","upload_anexo":null,"periodo":5,"comissao":4}