{"id":176,"__str__":"Reuni\u00e3o das Comiss\u00f5es em Conjunto","link_detail_backend":"/comissao/reuniao/176","metadata":{"signs":{"upload_ata":{"admin":[],"autores":[["Agnielde Benici Adorno",["2025-09-02T12:43:29-04:00","ICP-Brasil - Certificado PF A1"]],["Alessandra Varelo de Brito",["2025-09-02T12:40:27-04:00","ICP-Brasil - Certificado PF A1"]],["Eber Lopes Reis",["2025-09-02T12:39:21-04:00","ICP-Brasil - Certificado PF A1"]],["Elias Andrade de Lima",["2025-09-02T12:42:48-04:00","ICP-Brasil - Certificado PF A1"]],["Jorge Antonio Honorato de Souza",["2025-09-02T12:39:52-04:00","ICP-Brasil - Certificado PF A1"]],["Marcio Domingos dos Santos",["2025-09-02T12:44:07-04:00","ICP-Brasil - Certificado PF A1"]],["Marcio Souza Magalhaes",["2025-09-02T12:41:00-04:00","ICP-Brasil - Certificado PF A1"]],["Ozias Alves dos Santos",["2025-09-02T12:38:43-04:00","ICP-Brasil - Certificado PF A1"]]]},"upload_pauta":{"admin":[],"autores":[["Abinadabe Basilio dos Santos",["2025-09-01T11:09:39-03:00","Gov-Br"]]]}}},"numero":25,"nome":"Reuni\u00e3o das Comiss\u00f5es em Conjunto","tema":"Analise dos Projetos em tramita\u00e7\u00e3o.","data":"2025-08-25","hora_inicio":"09:00:00","hora_fim":"11:25:00","local_reuniao":"Plen\u00e1rio Gerson Paulino","observacao":"","url_audio":"","url_video":"","upload_pauta":"http://sapl.saofranciscodoguapore.ro.leg.br/media/sapl/public/reuniao/176/pauta/25a_pauta_das_comissoes_-_2025.pdf","upload_ata":"http://sapl.saofranciscodoguapore.ro.leg.br/media/sapl/public/reuniao/176/ata/25a_ata_das_comissoes_-_2025.pdf","upload_anexo":null,"periodo":5,"comissao":4}