{"id":133,"__str__":"Reuni\u00e3o das Comiss\u00f5es em Conjunto","link_detail_backend":"/comissao/reuniao/133","metadata":{"signs":{"upload_ata":{"admin":[],"autores":[["Abinadabe Basilio dos Santos",["2025-03-07T13:05:52-03:00","Gov-Br"]],["Alessandra Varelo de Brito",["2025-03-07T12:28:10-04:00","ICP-Brasil - Certificado PF A1"]],["Braz Carlos Correia",["2025-03-07T12:25:21-04:00","ICP-Brasil - Certificado PF A1"]],["Eber Lopes Reis",["2025-03-07T12:28:50-04:00","ICP-Brasil - Certificado PF A1"]],["Elias Andrade de Lima",["2025-03-07T12:27:27-04:00","ICP-Brasil - Certificado PF A1"]],["Geferson dos Santos",["2025-03-07T12:24:48-04:00","ICP-Brasil - Certificado PF A1"]],["Marcio Domingos dos Santos",["2025-03-07T12:26:08-04:00","ICP-Brasil - Certificado PF A1"]],["Marcio Souza Magalhaes",["2025-03-07T12:26:48-04:00","ICP-Brasil - Certificado PF A1"]],["Ozias Alves dos Santos",["2025-03-07T12:29:39-04:00","ICP-Brasil - Certificado PF A1"]]]},"upload_pauta":{"admin":[],"autores":[["Abinadabe Basilio dos Santos",["2025-03-07T13:05:52-03:00","Gov-Br"]]]}}},"numero":2,"nome":"Reuni\u00e3o das Comiss\u00f5es em Conjunto","tema":"Analise dos Projetos em tramita\u00e7\u00e3o.","data":"2025-03-07","hora_inicio":"10:00:00","hora_fim":"11:30:00","local_reuniao":"Sala das Comiss\u00e7\u00f5es","observacao":"","url_audio":"","url_video":"","upload_pauta":"http://sapl.saofranciscodoguapore.ro.leg.br/media/sapl/public/reuniao/133/pauta/pauta_das_comissoes_permanentes_-_07.03.2025.pdf","upload_ata":"http://sapl.saofranciscodoguapore.ro.leg.br/media/sapl/public/reuniao/133/ata/ata_das_comissoes_legislativas_-_07.03.2025.pdf","upload_anexo":null,"periodo":5,"comissao":3}