{"id":1,"__str__":"CCJR - Comiss\u00e3o de Constitui\u00e7\u00e3o, Justi\u00e7a e Reda\u00e7\u00e3o Final","link_detail_backend":"/comissao/1","metadata":{},"nome":"Comiss\u00e3o de Constitui\u00e7\u00e3o, Justi\u00e7a e Reda\u00e7\u00e3o Final","sigla":"CCJR","data_criacao":"2019-02-15","data_extincao":null,"apelido_temp":"","data_instalacao_temp":null,"data_final_prevista_temp":null,"data_prorrogada_temp":null,"data_fim_comissao":null,"secretario":"","telefone_reuniao":"","endereco_secretaria":"","telefone_secretaria":"","fax_secretaria":"","agenda_reuniao":"Toda Sexta feira, \u00e0s 10 horas","local_reuniao":"Sala de Reuni\u00f5es da C\u00e2mara Municipal","finalidade":"Compete \u00e0 Comiss\u00e3o Permanente de Constitui\u00e7\u00e3o Justi\u00e7a e Reda\u00e7\u00e3o Final manifestar-se sobre todos os assuntos entregues \u00e0 sua aprecia\u00e7\u00e3o quanto os aspectos legais, e quando j\u00e1 aprovados, quanto os aspectos l\u00f3gicos e gramaticais, necess\u00e1rios ao bom entendimento e fiel interpreta\u00e7\u00e3o do texto.\r\n\r\nPar\u00e1grafo \u00danico \u2013 A Comiss\u00e3o de que trata o \u201ccaput\u201d deste artigo manifestar-se a obrigatoriedade, nos casos de:\r\n\r\nI - Proposta or\u00e7ament\u00e1ria;\r\n\r\nII \u2013 Or\u00e7amento plurianual;\r\n\r\nIII \u2013 Abertura de cr\u00e9dito;\r\n\r\nIV -Empr\u00e9stimos p\u00fablico;\r\n\r\nV \u2013 Fixa\u00e7\u00e3o dos vencimentos dos servidores p\u00fablicos municipais.","email":"","unidade_deliberativa":true,"ativa":true,"tipo":1}